{"id":793,"date":"2019-04-12T17:45:42","date_gmt":"2019-04-12T15:45:42","guid":{"rendered":"http:\/\/mettiamoliallaporta-isernia.it\/?p=793"},"modified":"2019-04-12T17:45:49","modified_gmt":"2019-04-12T15:45:49","slug":"distribuzione-mastello-giallo","status":"publish","type":"post","link":"http:\/\/mettiamoliallaporta-isernia.it\/?p=793","title":{"rendered":"Distribuzione mastello giallo"},"content":{"rendered":"<p><a href=\"http:\/\/mettiamoliallaporta-isernia.it\/wp-content\/uploads\/2014\/03\/plastica-mastello.jpg\"><img loading=\"lazy\" decoding=\"async\" class=\"size-full wp-image-746\" src=\"http:\/\/mettiamoliallaporta-isernia.it\/wp-content\/uploads\/2014\/03\/plastica-mastello.jpg\" alt=\"\" width=\"150\" height=\"147\" \/><\/a><\/p>\n<p>Nuovo impulso alla distribuzione delle attrezzature per la raccolta differenziata <em>porta a porta<\/em>.<\/p>\n<p>Il Comune di Isernia, in collaborazione con la Smaltimenti Sud srl, invita le utenze domestiche del centro urbano a provvedere al ritiro del mastello giallo per la raccolta del multimateriale, un invito che giunger\u00e0 nei prossimi giorni a mezzo lettera ai cittadini che non hanno ancora provveduto in merito.<\/p>\n<p><!--more--><\/p>\n<p>Ad oltre un anno dall\u2019avvio della distribuzione del suddetto contenitore, sono infatti ancora molte le utenze che devono effettuarne il ritiro e per questo saranno intensificati gli orari di apertura dello <em>Sportello differenziata<\/em> allestito presso l\u2019ex scuola media \u201cAndrea d\u2019Isernia\u201d di Via Pascoli (dal luned\u00ec al sabato dalle ore 9:00 alle ore 12:00 e dal luned\u00ec al venerd\u00ec dalle ore 15:00 alle ore 17:00).<\/p>\n<p>Oltre ai contenitori gialli per il multimateriale, ossia per la raccolta della carta e del cartone e degli imballaggi in plastica e metalli, si ricorda che sono in distribuzione il sottolavello aerato e la fornitura annuale dei sacchi biodegradabili\u2013compostabili per il conferimento dei rifiuti organici, contenitori acquistati dal Comune di Isernia con un finanziamento regionale ed uno intercomunale, che hanno consentito di fornire alla cittadinanza pentra un <em>kit differenziata<\/em> completo per il <em>porta a porta<\/em>.<\/p>\n<p>L\u2019invito \u00e8 ad essere solerti nel ritiro dell\u2019attrezzatura provvedendo entro e non oltre 60 giorni dall\u2019arrivo della lettera, verificando anche la disponibilit\u00e0 in casa degli altri contenitori (dell\u2019umido, del vetro e del secco residuo).<\/p>\n<p><u>L\u2019esposizione dei rifiuti senza il rispettivo mastello, infatti, comporter\u00e0 il mancato ritiro da parte degli operatori e la segnalazione agli organi competenti con eventuale irrogazione della relativa sanzione<\/u>.<\/p>\n","protected":false},"excerpt":{"rendered":"<p>Nuovo impulso alla distribuzione delle attrezzature per la raccolta differenziata porta a porta. Il Comune di Isernia, in collaborazione con la Smaltimenti Sud srl, invita le utenze domestiche del centro urbano a provvedere al ritiro del mastello giallo per la raccolta del multimateriale, un invito che giunger\u00e0 nei prossimi giorni a mezzo lettera ai cittadini [&hellip;]<\/p>\n","protected":false},"author":1314,"featured_media":0,"comment_status":"open","ping_status":"open","sticky":false,"template":"","format":"standard","meta":{"footnotes":""},"categories":[2],"tags":[],"_links":{"self":[{"href":"http:\/\/mettiamoliallaporta-isernia.it\/index.php?rest_route=\/wp\/v2\/posts\/793"}],"collection":[{"href":"http:\/\/mettiamoliallaporta-isernia.it\/index.php?rest_route=\/wp\/v2\/posts"}],"about":[{"href":"http:\/\/mettiamoliallaporta-isernia.it\/index.php?rest_route=\/wp\/v2\/types\/post"}],"author":[{"embeddable":true,"href":"http:\/\/mettiamoliallaporta-isernia.it\/index.php?rest_route=\/wp\/v2\/users\/1314"}],"replies":[{"embeddable":true,"href":"http:\/\/mettiamoliallaporta-isernia.it\/index.php?rest_route=%2Fwp%2Fv2%2Fcomments&post=793"}],"version-history":[{"count":1,"href":"http:\/\/mettiamoliallaporta-isernia.it\/index.php?rest_route=\/wp\/v2\/posts\/793\/revisions"}],"predecessor-version":[{"id":794,"href":"http:\/\/mettiamoliallaporta-isernia.it\/index.php?rest_route=\/wp\/v2\/posts\/793\/revisions\/794"}],"wp:attachment":[{"href":"http:\/\/mettiamoliallaporta-isernia.it\/index.php?rest_route=%2Fwp%2Fv2%2Fmedia&parent=793"}],"wp:term":[{"taxonomy":"category","embeddable":true,"href":"http:\/\/mettiamoliallaporta-isernia.it\/index.php?rest_route=%2Fwp%2Fv2%2Fcategories&post=793"},{"taxonomy":"post_tag","embeddable":true,"href":"http:\/\/mettiamoliallaporta-isernia.it\/index.php?rest_route=%2Fwp%2Fv2%2Ftags&post=793"}],"curies":[{"name":"wp","href":"https:\/\/api.w.org\/{rel}","templated":true}]}}