{"id":616,"date":"2015-07-13T17:26:42","date_gmt":"2015-07-13T15:26:42","guid":{"rendered":"http:\/\/mettiamoliallaporta-isernia.it\/?p=616"},"modified":"2015-07-13T17:28:21","modified_gmt":"2015-07-13T15:28:21","slug":"raccolta-differenziata-nel-comune-di-isernia-conferenza-stampa-di-presentazione-nuovo-calendario-di-raccolta-differenziata","status":"publish","type":"post","link":"http:\/\/mettiamoliallaporta-isernia.it\/?p=616","title":{"rendered":"RACCOLTA DIFFERENZIATA NEL COMUNE DI ISERNIA: conferenza stampa di presentazione nuovo calendario di raccolta differenziata"},"content":{"rendered":"<p>Il Comune di Isernia, in collaborazione con la Smaltimenti Sud, sono lieti di invitare gli Organi d\u2019Informazione a partecipare alla <strong><em>Conferenza Stampa di presentazione<\/em><\/strong><strong><em> del nuovo calendario di raccolta differenziata dei rifiuti, <\/em><\/strong><em>che sar\u00e0 <strong>attivato<\/strong> in tutto il territorio comunale <strong>dal prossimo 20 luglio 2015<\/strong>.<\/em><\/p>\n<p>&nbsp;<\/p>\n<p>La Conferenza Stampa si terr\u00e0:<\/p>\n<p><strong>marted\u00ec 14 luglio 2015, alle ore 11.30<\/strong><\/p>\n<p>presso: \u201c<strong>Sala Raucci\u201d<\/strong>, Comune di <strong>Isernia<\/strong> &#8211; <strong>Palazzo San Francesco<\/strong>, Piazza Guglielmo Marconi &#8211; Isernia.<\/p>\n<p>&nbsp;<\/p>\n<p>Interverranno:<\/p>\n<ul>\n<li>SINDACO COMUNE DI ISERNIA \u2013 <em>Luigi Brasiello;<\/em><\/li>\n<li>ASSESSORE AMBIENTE COMUNE DI ISERNIA<em> &#8211; Marco Amendola;<\/em><\/li>\n<li>RESPONSABILE SMALTIMENTI SUD <em>&#8211; Antonio Pirolli;<\/em><\/li>\n<li>AMMINISTATORE ACHAB MED SRL &#8211; <em>Massimo Santucci<\/em>.<\/li>\n<\/ul>\n<p>&nbsp;<\/p>\n<p>Per ulteriori informazioni contattare la Smaltimenti Sud al numero 0865 290645.\u00a0\u00a0<\/p>\n","protected":false},"excerpt":{"rendered":"<p>Il Comune di Isernia, in collaborazione con la Smaltimenti Sud, sono lieti di invitare gli Organi d\u2019Informazione a partecipare alla Conferenza Stampa di presentazione del nuovo calendario di raccolta differenziata dei rifiuti, che sar\u00e0 attivato in tutto il territorio comunale dal prossimo 20 luglio 2015. &nbsp; La Conferenza Stampa si terr\u00e0: marted\u00ec 14 luglio 2015, [&hellip;]<\/p>\n","protected":false},"author":1313,"featured_media":483,"comment_status":"open","ping_status":"open","sticky":false,"template":"","format":"standard","meta":{"footnotes":""},"categories":[2],"tags":[],"_links":{"self":[{"href":"http:\/\/mettiamoliallaporta-isernia.it\/index.php?rest_route=\/wp\/v2\/posts\/616"}],"collection":[{"href":"http:\/\/mettiamoliallaporta-isernia.it\/index.php?rest_route=\/wp\/v2\/posts"}],"about":[{"href":"http:\/\/mettiamoliallaporta-isernia.it\/index.php?rest_route=\/wp\/v2\/types\/post"}],"author":[{"embeddable":true,"href":"http:\/\/mettiamoliallaporta-isernia.it\/index.php?rest_route=\/wp\/v2\/users\/1313"}],"replies":[{"embeddable":true,"href":"http:\/\/mettiamoliallaporta-isernia.it\/index.php?rest_route=%2Fwp%2Fv2%2Fcomments&post=616"}],"version-history":[{"count":1,"href":"http:\/\/mettiamoliallaporta-isernia.it\/index.php?rest_route=\/wp\/v2\/posts\/616\/revisions"}],"predecessor-version":[{"id":617,"href":"http:\/\/mettiamoliallaporta-isernia.it\/index.php?rest_route=\/wp\/v2\/posts\/616\/revisions\/617"}],"wp:featuredmedia":[{"embeddable":true,"href":"http:\/\/mettiamoliallaporta-isernia.it\/index.php?rest_route=\/wp\/v2\/media\/483"}],"wp:attachment":[{"href":"http:\/\/mettiamoliallaporta-isernia.it\/index.php?rest_route=%2Fwp%2Fv2%2Fmedia&parent=616"}],"wp:term":[{"taxonomy":"category","embeddable":true,"href":"http:\/\/mettiamoliallaporta-isernia.it\/index.php?rest_route=%2Fwp%2Fv2%2Fcategories&post=616"},{"taxonomy":"post_tag","embeddable":true,"href":"http:\/\/mettiamoliallaporta-isernia.it\/index.php?rest_route=%2Fwp%2Fv2%2Ftags&post=616"}],"curies":[{"name":"wp","href":"https:\/\/api.w.org\/{rel}","templated":true}]}}